{"id":3118,"date":"2021-01-02T12:43:23","date_gmt":"2021-01-02T11:43:23","guid":{"rendered":"https:\/\/hauderer.de\/wordpress\/?p=3118"},"modified":"2021-01-02T12:43:59","modified_gmt":"2021-01-02T11:43:59","slug":"die-haudererhome-im-ersten-coronajahr","status":"publish","type":"post","link":"https:\/\/hauderer.de\/wordpress\/3118\/die-haudererhome-im-ersten-coronajahr\/","title":{"rendered":"Die Hauderer@Home im ersten Coronajahr"},"content":{"rendered":"\n<p class=\"wp-block-paragraph\"><strong>Liebe Leser*innen,<\/strong><\/p>\n\n\n\n<p class=\"wp-block-paragraph\"><strong>zweihundert Beitr\u00e4ge haben die Mitglieder von M\u00e4rz bis Jahresende 2020 online ver\u00f6ffentlicht, in einer Zeit, in der das \u00f6ffentliche Leben, durch die Pandemie, stark eingeschr\u00e4nkt war. Dies war ein \u00fcberzeugendes Lebenszeichen des Vereins. Auch die starke Beteiligung von Nichtmitgliedern in dem Begleitprogramm &#8222;HaudererFreunde@Home&#8220; hat vielen Menschen Freude bereitet und deutlich gemacht wie sehr Kunst verbindet und ein fester Bestandteil von Lebensqualit\u00e4t ist. <\/strong><\/p>\n\n\n\n<p class=\"wp-block-paragraph\"><strong>Wir werden auch in diesem Jahr, bis wieder best\u00e4ndige Normalit\u00e4t im \u00f6ffentlichen Leben m\u00f6glich sein wird, in gleicher Weise versuchen unsere Kreativit\u00e4t unter Beweis zu stellen und Mitmenschen Freude bereiten. Das neue Projekt lautet &#8222;Die Hauderer@Home21&#8220;. Es wird nur Beitr\u00e4ge, Werke, Ereignisse enthalten die dieses Jahr betreffen. Das Projekt &#8222;HaudererFreunde@Home&#8220; l\u00e4uft uneingeschr\u00e4nkt weiter.<\/strong><\/p>\n\n\n\n<p class=\"wp-block-paragraph\"><strong>Der Vorstand w\u00fcnscht allen Mitgliedern und Freunden ein gesundes Neues Jahr und viel sch\u00f6pferische Kraft.<\/strong><\/p>\n\n\n\n<p class=\"wp-block-paragraph\"><strong>Herzliche Gr\u00fc\u00dfe <br \/>Karl Kaul, 1. Vorsitzender<\/strong><\/p>\n\n\n\n<p class=\"wp-block-paragraph\"><\/p>\n","protected":false},"excerpt":{"rendered":"<p>Liebe Leser*innen, zweihundert Beitr\u00e4ge haben die Mitglieder von M\u00e4rz bis Jahresende 2020 online ver\u00f6ffentlicht, in einer Zeit, in der das \u00f6ffentliche Leben, durch die Pandemie, stark eingeschr\u00e4nkt war. Dies war ein \u00fcberzeugendes Lebenszeichen des Vereins. Auch die starke Beteiligung von Nichtmitgliedern in dem Begleitprogramm &#8222;HaudererFreunde@Home&#8220; hat vielen Menschen Freude bereitet und deutlich gemacht wie sehr [&hellip;]<\/p>\n","protected":false},"author":1,"featured_media":0,"comment_status":"open","ping_status":"open","sticky":false,"template":"","format":"standard","meta":{"_crdt_document":"","footnotes":""},"categories":[3],"tags":[],"class_list":["post-3118","post","type-post","status-publish","format-standard","hentry","category-dies-und-das"],"yoast_head":"<!-- This site is optimized with the Yoast SEO plugin v27.5 - https:\/\/yoast.com\/product\/yoast-seo-wordpress\/ -->\n<title>Die Hauderer@Home im ersten Coronajahr &#8211; Der Hauderer-Blog<\/title>\n<meta name=\"robots\" content=\"index, follow, max-snippet:-1, max-image-preview:large, max-video-preview:-1\" \/>\n<link rel=\"canonical\" href=\"https:\/\/hauderer.de\/wordpress\/3118\/die-haudererhome-im-ersten-coronajahr\/\" \/>\n<meta property=\"og:locale\" content=\"de_DE\" \/>\n<meta property=\"og:type\" content=\"article\" \/>\n<meta property=\"og:title\" content=\"Die Hauderer@Home im ersten Coronajahr &#8211; Der Hauderer-Blog\" \/>\n<meta property=\"og:description\" content=\"Liebe Leser*innen, zweihundert Beitr\u00e4ge haben die Mitglieder von M\u00e4rz bis Jahresende 2020 online ver\u00f6ffentlicht, in einer Zeit, in der das \u00f6ffentliche Leben, durch die Pandemie, stark eingeschr\u00e4nkt war. Dies war ein \u00fcberzeugendes Lebenszeichen des Vereins. Auch die starke Beteiligung von Nichtmitgliedern in dem Begleitprogramm &#8222;HaudererFreunde@Home&#8220; hat vielen Menschen Freude bereitet und deutlich gemacht wie sehr [&hellip;]\" \/>\n<meta property=\"og:url\" content=\"https:\/\/hauderer.de\/wordpress\/3118\/die-haudererhome-im-ersten-coronajahr\/\" \/>\n<meta property=\"og:site_name\" content=\"Der Hauderer-Blog\" \/>\n<meta property=\"article:publisher\" content=\"https:\/\/www.facebook.com\/DieHauderer\" \/>\n<meta property=\"article:published_time\" content=\"2021-01-02T11:43:23+00:00\" \/>\n<meta property=\"article:modified_time\" content=\"2021-01-02T11:43:59+00:00\" \/>\n<meta name=\"author\" content=\"admin\" \/>\n<script type=\"application\/ld+json\" class=\"yoast-schema-graph\">{\"@context\":\"https:\\\/\\\/schema.org\",\"@graph\":[{\"@type\":\"Article\",\"@id\":\"https:\\\/\\\/hauderer.de\\\/wordpress\\\/3118\\\/die-haudererhome-im-ersten-coronajahr\\\/#article\",\"isPartOf\":{\"@id\":\"https:\\\/\\\/hauderer.de\\\/wordpress\\\/3118\\\/die-haudererhome-im-ersten-coronajahr\\\/\"},\"author\":{\"name\":\"admin\",\"@id\":\"https:\\\/\\\/hauderer.de\\\/wordpress\\\/#\\\/schema\\\/person\\\/5d2879d690e24e7cbdbd8ab7356b29f9\"},\"headline\":\"Die Hauderer@Home im ersten Coronajahr\",\"datePublished\":\"2021-01-02T11:43:23+00:00\",\"dateModified\":\"2021-01-02T11:43:59+00:00\",\"mainEntityOfPage\":{\"@id\":\"https:\\\/\\\/hauderer.de\\\/wordpress\\\/3118\\\/die-haudererhome-im-ersten-coronajahr\\\/\"},\"wordCount\":161,\"commentCount\":0,\"publisher\":{\"@id\":\"https:\\\/\\\/hauderer.de\\\/wordpress\\\/#organization\"},\"articleSection\":[\"Dies und Das\"],\"inLanguage\":\"de\",\"potentialAction\":[{\"@type\":\"CommentAction\",\"name\":\"Comment\",\"target\":[\"https:\\\/\\\/hauderer.de\\\/wordpress\\\/3118\\\/die-haudererhome-im-ersten-coronajahr\\\/#respond\"]}]},{\"@type\":\"WebPage\",\"@id\":\"https:\\\/\\\/hauderer.de\\\/wordpress\\\/3118\\\/die-haudererhome-im-ersten-coronajahr\\\/\",\"url\":\"https:\\\/\\\/hauderer.de\\\/wordpress\\\/3118\\\/die-haudererhome-im-ersten-coronajahr\\\/\",\"name\":\"Die Hauderer@Home im ersten Coronajahr &#8211; Der Hauderer-Blog\",\"isPartOf\":{\"@id\":\"https:\\\/\\\/hauderer.de\\\/wordpress\\\/#website\"},\"datePublished\":\"2021-01-02T11:43:23+00:00\",\"dateModified\":\"2021-01-02T11:43:59+00:00\",\"breadcrumb\":{\"@id\":\"https:\\\/\\\/hauderer.de\\\/wordpress\\\/3118\\\/die-haudererhome-im-ersten-coronajahr\\\/#breadcrumb\"},\"inLanguage\":\"de\",\"potentialAction\":[{\"@type\":\"ReadAction\",\"target\":[\"https:\\\/\\\/hauderer.de\\\/wordpress\\\/3118\\\/die-haudererhome-im-ersten-coronajahr\\\/\"]}]},{\"@type\":\"BreadcrumbList\",\"@id\":\"https:\\\/\\\/hauderer.de\\\/wordpress\\\/3118\\\/die-haudererhome-im-ersten-coronajahr\\\/#breadcrumb\",\"itemListElement\":[{\"@type\":\"ListItem\",\"position\":1,\"name\":\"Startseite\",\"item\":\"https:\\\/\\\/hauderer.de\\\/wordpress\\\/\"},{\"@type\":\"ListItem\",\"position\":2,\"name\":\"Die Hauderer@Home im ersten Coronajahr\"}]},{\"@type\":\"WebSite\",\"@id\":\"https:\\\/\\\/hauderer.de\\\/wordpress\\\/#website\",\"url\":\"https:\\\/\\\/hauderer.de\\\/wordpress\\\/\",\"name\":\"Der Hauderer-Blog\",\"description\":\"Ein Forum f\u00fcr Mitglieder und Besucher\",\"publisher\":{\"@id\":\"https:\\\/\\\/hauderer.de\\\/wordpress\\\/#organization\"},\"potentialAction\":[{\"@type\":\"SearchAction\",\"target\":{\"@type\":\"EntryPoint\",\"urlTemplate\":\"https:\\\/\\\/hauderer.de\\\/wordpress\\\/?s={search_term_string}\"},\"query-input\":{\"@type\":\"PropertyValueSpecification\",\"valueRequired\":true,\"valueName\":\"search_term_string\"}}],\"inLanguage\":\"de\"},{\"@type\":\"Organization\",\"@id\":\"https:\\\/\\\/hauderer.de\\\/wordpress\\\/#organization\",\"name\":\"Die Hauderer\",\"url\":\"https:\\\/\\\/hauderer.de\\\/wordpress\\\/\",\"logo\":{\"@type\":\"ImageObject\",\"inLanguage\":\"de\",\"@id\":\"https:\\\/\\\/hauderer.de\\\/wordpress\\\/#\\\/schema\\\/logo\\\/image\\\/\",\"url\":\"https:\\\/\\\/hauderer.de\\\/wordpress\\\/wp-content\\\/uploads\\\/2020\\\/08\\\/Hauderer-kpl-oR-final.jpg\",\"contentUrl\":\"https:\\\/\\\/hauderer.de\\\/wordpress\\\/wp-content\\\/uploads\\\/2020\\\/08\\\/Hauderer-kpl-oR-final.jpg\",\"width\":2362,\"height\":1697,\"caption\":\"Die Hauderer\"},\"image\":{\"@id\":\"https:\\\/\\\/hauderer.de\\\/wordpress\\\/#\\\/schema\\\/logo\\\/image\\\/\"},\"sameAs\":[\"https:\\\/\\\/www.facebook.com\\\/DieHauderer\",\"https:\\\/\\\/www.instagram.com\\\/die.hauderer\\\/\"]},{\"@type\":\"Person\",\"@id\":\"https:\\\/\\\/hauderer.de\\\/wordpress\\\/#\\\/schema\\\/person\\\/5d2879d690e24e7cbdbd8ab7356b29f9\",\"name\":\"admin\",\"image\":{\"@type\":\"ImageObject\",\"inLanguage\":\"de\",\"@id\":\"https:\\\/\\\/secure.gravatar.com\\\/avatar\\\/bb9f71396624602db48c4f953ea26ec8533526b71ddf47b0b64b547072e3994b?s=96&d=mm&r=g\",\"url\":\"https:\\\/\\\/secure.gravatar.com\\\/avatar\\\/bb9f71396624602db48c4f953ea26ec8533526b71ddf47b0b64b547072e3994b?s=96&d=mm&r=g\",\"contentUrl\":\"https:\\\/\\\/secure.gravatar.com\\\/avatar\\\/bb9f71396624602db48c4f953ea26ec8533526b71ddf47b0b64b547072e3994b?s=96&d=mm&r=g\",\"caption\":\"admin\"},\"sameAs\":[\"https:\\\/\\\/www.hauderer.de\"],\"url\":\"https:\\\/\\\/hauderer.de\\\/wordpress\\\/author\\\/admin\\\/\"}]}<\/script>\n<!-- \/ Yoast SEO plugin. -->","yoast_head_json":{"title":"Die Hauderer@Home im ersten Coronajahr &#8211; Der Hauderer-Blog","robots":{"index":"index","follow":"follow","max-snippet":"max-snippet:-1","max-image-preview":"max-image-preview:large","max-video-preview":"max-video-preview:-1"},"canonical":"https:\/\/hauderer.de\/wordpress\/3118\/die-haudererhome-im-ersten-coronajahr\/","og_locale":"de_DE","og_type":"article","og_title":"Die Hauderer@Home im ersten Coronajahr &#8211; Der Hauderer-Blog","og_description":"Liebe Leser*innen, zweihundert Beitr\u00e4ge haben die Mitglieder von M\u00e4rz bis Jahresende 2020 online ver\u00f6ffentlicht, in einer Zeit, in der das \u00f6ffentliche Leben, durch die Pandemie, stark eingeschr\u00e4nkt war. Dies war ein \u00fcberzeugendes Lebenszeichen des Vereins. Auch die starke Beteiligung von Nichtmitgliedern in dem Begleitprogramm &#8222;HaudererFreunde@Home&#8220; hat vielen Menschen Freude bereitet und deutlich gemacht wie sehr [&hellip;]","og_url":"https:\/\/hauderer.de\/wordpress\/3118\/die-haudererhome-im-ersten-coronajahr\/","og_site_name":"Der Hauderer-Blog","article_publisher":"https:\/\/www.facebook.com\/DieHauderer","article_published_time":"2021-01-02T11:43:23+00:00","article_modified_time":"2021-01-02T11:43:59+00:00","author":"admin","schema":{"@context":"https:\/\/schema.org","@graph":[{"@type":"Article","@id":"https:\/\/hauderer.de\/wordpress\/3118\/die-haudererhome-im-ersten-coronajahr\/#article","isPartOf":{"@id":"https:\/\/hauderer.de\/wordpress\/3118\/die-haudererhome-im-ersten-coronajahr\/"},"author":{"name":"admin","@id":"https:\/\/hauderer.de\/wordpress\/#\/schema\/person\/5d2879d690e24e7cbdbd8ab7356b29f9"},"headline":"Die Hauderer@Home im ersten Coronajahr","datePublished":"2021-01-02T11:43:23+00:00","dateModified":"2021-01-02T11:43:59+00:00","mainEntityOfPage":{"@id":"https:\/\/hauderer.de\/wordpress\/3118\/die-haudererhome-im-ersten-coronajahr\/"},"wordCount":161,"commentCount":0,"publisher":{"@id":"https:\/\/hauderer.de\/wordpress\/#organization"},"articleSection":["Dies und Das"],"inLanguage":"de","potentialAction":[{"@type":"CommentAction","name":"Comment","target":["https:\/\/hauderer.de\/wordpress\/3118\/die-haudererhome-im-ersten-coronajahr\/#respond"]}]},{"@type":"WebPage","@id":"https:\/\/hauderer.de\/wordpress\/3118\/die-haudererhome-im-ersten-coronajahr\/","url":"https:\/\/hauderer.de\/wordpress\/3118\/die-haudererhome-im-ersten-coronajahr\/","name":"Die Hauderer@Home im ersten Coronajahr &#8211; Der Hauderer-Blog","isPartOf":{"@id":"https:\/\/hauderer.de\/wordpress\/#website"},"datePublished":"2021-01-02T11:43:23+00:00","dateModified":"2021-01-02T11:43:59+00:00","breadcrumb":{"@id":"https:\/\/hauderer.de\/wordpress\/3118\/die-haudererhome-im-ersten-coronajahr\/#breadcrumb"},"inLanguage":"de","potentialAction":[{"@type":"ReadAction","target":["https:\/\/hauderer.de\/wordpress\/3118\/die-haudererhome-im-ersten-coronajahr\/"]}]},{"@type":"BreadcrumbList","@id":"https:\/\/hauderer.de\/wordpress\/3118\/die-haudererhome-im-ersten-coronajahr\/#breadcrumb","itemListElement":[{"@type":"ListItem","position":1,"name":"Startseite","item":"https:\/\/hauderer.de\/wordpress\/"},{"@type":"ListItem","position":2,"name":"Die Hauderer@Home im ersten Coronajahr"}]},{"@type":"WebSite","@id":"https:\/\/hauderer.de\/wordpress\/#website","url":"https:\/\/hauderer.de\/wordpress\/","name":"Der Hauderer-Blog","description":"Ein Forum f\u00fcr Mitglieder und Besucher","publisher":{"@id":"https:\/\/hauderer.de\/wordpress\/#organization"},"potentialAction":[{"@type":"SearchAction","target":{"@type":"EntryPoint","urlTemplate":"https:\/\/hauderer.de\/wordpress\/?s={search_term_string}"},"query-input":{"@type":"PropertyValueSpecification","valueRequired":true,"valueName":"search_term_string"}}],"inLanguage":"de"},{"@type":"Organization","@id":"https:\/\/hauderer.de\/wordpress\/#organization","name":"Die Hauderer","url":"https:\/\/hauderer.de\/wordpress\/","logo":{"@type":"ImageObject","inLanguage":"de","@id":"https:\/\/hauderer.de\/wordpress\/#\/schema\/logo\/image\/","url":"https:\/\/hauderer.de\/wordpress\/wp-content\/uploads\/2020\/08\/Hauderer-kpl-oR-final.jpg","contentUrl":"https:\/\/hauderer.de\/wordpress\/wp-content\/uploads\/2020\/08\/Hauderer-kpl-oR-final.jpg","width":2362,"height":1697,"caption":"Die Hauderer"},"image":{"@id":"https:\/\/hauderer.de\/wordpress\/#\/schema\/logo\/image\/"},"sameAs":["https:\/\/www.facebook.com\/DieHauderer","https:\/\/www.instagram.com\/die.hauderer\/"]},{"@type":"Person","@id":"https:\/\/hauderer.de\/wordpress\/#\/schema\/person\/5d2879d690e24e7cbdbd8ab7356b29f9","name":"admin","image":{"@type":"ImageObject","inLanguage":"de","@id":"https:\/\/secure.gravatar.com\/avatar\/bb9f71396624602db48c4f953ea26ec8533526b71ddf47b0b64b547072e3994b?s=96&d=mm&r=g","url":"https:\/\/secure.gravatar.com\/avatar\/bb9f71396624602db48c4f953ea26ec8533526b71ddf47b0b64b547072e3994b?s=96&d=mm&r=g","contentUrl":"https:\/\/secure.gravatar.com\/avatar\/bb9f71396624602db48c4f953ea26ec8533526b71ddf47b0b64b547072e3994b?s=96&d=mm&r=g","caption":"admin"},"sameAs":["https:\/\/www.hauderer.de"],"url":"https:\/\/hauderer.de\/wordpress\/author\/admin\/"}]}},"_links":{"self":[{"href":"https:\/\/hauderer.de\/wordpress\/wp-json\/wp\/v2\/posts\/3118","targetHints":{"allow":["GET"]}}],"collection":[{"href":"https:\/\/hauderer.de\/wordpress\/wp-json\/wp\/v2\/posts"}],"about":[{"href":"https:\/\/hauderer.de\/wordpress\/wp-json\/wp\/v2\/types\/post"}],"author":[{"embeddable":true,"href":"https:\/\/hauderer.de\/wordpress\/wp-json\/wp\/v2\/users\/1"}],"replies":[{"embeddable":true,"href":"https:\/\/hauderer.de\/wordpress\/wp-json\/wp\/v2\/comments?post=3118"}],"version-history":[{"count":1,"href":"https:\/\/hauderer.de\/wordpress\/wp-json\/wp\/v2\/posts\/3118\/revisions"}],"predecessor-version":[{"id":3119,"href":"https:\/\/hauderer.de\/wordpress\/wp-json\/wp\/v2\/posts\/3118\/revisions\/3119"}],"wp:attachment":[{"href":"https:\/\/hauderer.de\/wordpress\/wp-json\/wp\/v2\/media?parent=3118"}],"wp:term":[{"taxonomy":"category","embeddable":true,"href":"https:\/\/hauderer.de\/wordpress\/wp-json\/wp\/v2\/categories?post=3118"},{"taxonomy":"post_tag","embeddable":true,"href":"https:\/\/hauderer.de\/wordpress\/wp-json\/wp\/v2\/tags?post=3118"}],"curies":[{"name":"wp","href":"https:\/\/api.w.org\/{rel}","templated":true}]}}