{"id":6252,"date":"2023-07-19T22:26:31","date_gmt":"2023-07-19T20:26:31","guid":{"rendered":"https:\/\/hauderer.de\/wordpress\/?p=6252"},"modified":"2023-07-19T22:26:33","modified_gmt":"2023-07-19T20:26:33","slug":"sommerfest-der-hauderer-2","status":"publish","type":"post","link":"https:\/\/hauderer.de\/wordpress\/6252\/sommerfest-der-hauderer-2\/","title":{"rendered":"Sommerfest der Hauderer"},"content":{"rendered":"\n<figure class=\"wp-block-image size-full\"><img loading=\"lazy\" decoding=\"async\" width=\"900\" height=\"675\" src=\"https:\/\/hauderer.de\/wordpress\/wp-content\/uploads\/2023\/07\/Hauderer-Sommerfest.23-kl.jpg\" alt=\"Sommerfest der Hauderer\" class=\"wp-image-6253\" srcset=\"https:\/\/hauderer.de\/wordpress\/wp-content\/uploads\/2023\/07\/Hauderer-Sommerfest.23-kl.jpg 900w, https:\/\/hauderer.de\/wordpress\/wp-content\/uploads\/2023\/07\/Hauderer-Sommerfest.23-kl-300x225.jpg 300w, https:\/\/hauderer.de\/wordpress\/wp-content\/uploads\/2023\/07\/Hauderer-Sommerfest.23-kl-800x600.jpg 800w, https:\/\/hauderer.de\/wordpress\/wp-content\/uploads\/2023\/07\/Hauderer-Sommerfest.23-kl-768x576.jpg 768w\" sizes=\"auto, (max-width: 900px) 100vw, 900px\" \/><\/figure>\n\n\n\n<p class=\"wp-block-paragraph\">Dieser kurze Bericht kann nicht ann\u00e4hernd die harmonische Stimmung erfassen, die an diesem sonnigen Sommertag nachmittags und bis in den Abend hinein am 10. Juli herrschte. Nicht nur das sch\u00f6ne Wetter, sondern die vorz\u00fcgliche und umsichtige Betreuung durch Nora und Fritz Schmidtmeier haben dazu ma\u00dfgeblich beigetragen. Der sehr gute Flammkuchen von Nora und die mitgebrachten Mitgliederspeisen werden uns noch lange in Erinnerung bleiben und die Hoffnung weitertragen, dass sich \u00e4hnliche Treffen wiederholen werden. Der Kreis der Mitglieder wurde erg\u00e4nzt durch die Beteiligung der Ehepartner*innen und  G\u00e4ste. Nicht alle Besucher sind auf dem Foto zu sehen. Einige hatten auch die kleine Ausstellung mit eigenen Werken bereichert. Unser Dank gilt dem Veranstaltungsehepaar Nora und Fritz Schmidtmeier.<\/p>\n","protected":false},"excerpt":{"rendered":"<p>Dieser kurze Bericht kann nicht ann\u00e4hernd die harmonische Stimmung erfassen, die an diesem sonnigen Sommertag nachmittags und bis in den Abend hinein am 10. Juli herrschte. Nicht nur das sch\u00f6ne Wetter, sondern die vorz\u00fcgliche und umsichtige Betreuung durch Nora und Fritz Schmidtmeier haben dazu ma\u00dfgeblich beigetragen. Der sehr gute Flammkuchen von Nora und die mitgebrachten [&hellip;]<\/p>\n","protected":false},"author":1,"featured_media":0,"comment_status":"open","ping_status":"closed","sticky":false,"template":"","format":"standard","meta":{"_crdt_document":"","footnotes":""},"categories":[3],"tags":[],"class_list":["post-6252","post","type-post","status-publish","format-standard","hentry","category-dies-und-das"],"yoast_head":"<!-- This site is optimized with the Yoast SEO plugin v27.5 - https:\/\/yoast.com\/product\/yoast-seo-wordpress\/ -->\n<title>Sommerfest der Hauderer &#8211; Der Hauderer-Blog<\/title>\n<meta name=\"robots\" content=\"index, follow, max-snippet:-1, max-image-preview:large, max-video-preview:-1\" \/>\n<link rel=\"canonical\" href=\"https:\/\/hauderer.de\/wordpress\/6252\/sommerfest-der-hauderer-2\/\" \/>\n<meta property=\"og:locale\" content=\"de_DE\" \/>\n<meta property=\"og:type\" content=\"article\" \/>\n<meta property=\"og:title\" content=\"Sommerfest der Hauderer &#8211; Der Hauderer-Blog\" \/>\n<meta property=\"og:description\" content=\"Dieser kurze Bericht kann nicht ann\u00e4hernd die harmonische Stimmung erfassen, die an diesem sonnigen Sommertag nachmittags und bis in den Abend hinein am 10. Juli herrschte. Nicht nur das sch\u00f6ne Wetter, sondern die vorz\u00fcgliche und umsichtige Betreuung durch Nora und Fritz Schmidtmeier haben dazu ma\u00dfgeblich beigetragen. Der sehr gute Flammkuchen von Nora und die mitgebrachten [&hellip;]\" \/>\n<meta property=\"og:url\" content=\"https:\/\/hauderer.de\/wordpress\/6252\/sommerfest-der-hauderer-2\/\" \/>\n<meta property=\"og:site_name\" content=\"Der Hauderer-Blog\" \/>\n<meta property=\"article:publisher\" content=\"https:\/\/www.facebook.com\/DieHauderer\" \/>\n<meta property=\"article:published_time\" content=\"2023-07-19T20:26:31+00:00\" \/>\n<meta property=\"article:modified_time\" content=\"2023-07-19T20:26:33+00:00\" \/>\n<meta property=\"og:image\" content=\"https:\/\/hauderer.de\/wordpress\/wp-content\/uploads\/2023\/07\/Hauderer-Sommerfest.23-kl.jpg\" \/>\n<meta name=\"author\" content=\"admin\" \/>\n<script type=\"application\/ld+json\" class=\"yoast-schema-graph\">{\"@context\":\"https:\\\/\\\/schema.org\",\"@graph\":[{\"@type\":\"Article\",\"@id\":\"https:\\\/\\\/hauderer.de\\\/wordpress\\\/6252\\\/sommerfest-der-hauderer-2\\\/#article\",\"isPartOf\":{\"@id\":\"https:\\\/\\\/hauderer.de\\\/wordpress\\\/6252\\\/sommerfest-der-hauderer-2\\\/\"},\"author\":{\"name\":\"admin\",\"@id\":\"https:\\\/\\\/hauderer.de\\\/wordpress\\\/#\\\/schema\\\/person\\\/5d2879d690e24e7cbdbd8ab7356b29f9\"},\"headline\":\"Sommerfest der Hauderer\",\"datePublished\":\"2023-07-19T20:26:31+00:00\",\"dateModified\":\"2023-07-19T20:26:33+00:00\",\"mainEntityOfPage\":{\"@id\":\"https:\\\/\\\/hauderer.de\\\/wordpress\\\/6252\\\/sommerfest-der-hauderer-2\\\/\"},\"wordCount\":123,\"commentCount\":0,\"publisher\":{\"@id\":\"https:\\\/\\\/hauderer.de\\\/wordpress\\\/#organization\"},\"image\":{\"@id\":\"https:\\\/\\\/hauderer.de\\\/wordpress\\\/6252\\\/sommerfest-der-hauderer-2\\\/#primaryimage\"},\"thumbnailUrl\":\"https:\\\/\\\/hauderer.de\\\/wordpress\\\/wp-content\\\/uploads\\\/2023\\\/07\\\/Hauderer-Sommerfest.23-kl.jpg\",\"articleSection\":[\"Dies und Das\"],\"inLanguage\":\"de\",\"potentialAction\":[{\"@type\":\"CommentAction\",\"name\":\"Comment\",\"target\":[\"https:\\\/\\\/hauderer.de\\\/wordpress\\\/6252\\\/sommerfest-der-hauderer-2\\\/#respond\"]}]},{\"@type\":\"WebPage\",\"@id\":\"https:\\\/\\\/hauderer.de\\\/wordpress\\\/6252\\\/sommerfest-der-hauderer-2\\\/\",\"url\":\"https:\\\/\\\/hauderer.de\\\/wordpress\\\/6252\\\/sommerfest-der-hauderer-2\\\/\",\"name\":\"Sommerfest der Hauderer &#8211; Der Hauderer-Blog\",\"isPartOf\":{\"@id\":\"https:\\\/\\\/hauderer.de\\\/wordpress\\\/#website\"},\"primaryImageOfPage\":{\"@id\":\"https:\\\/\\\/hauderer.de\\\/wordpress\\\/6252\\\/sommerfest-der-hauderer-2\\\/#primaryimage\"},\"image\":{\"@id\":\"https:\\\/\\\/hauderer.de\\\/wordpress\\\/6252\\\/sommerfest-der-hauderer-2\\\/#primaryimage\"},\"thumbnailUrl\":\"https:\\\/\\\/hauderer.de\\\/wordpress\\\/wp-content\\\/uploads\\\/2023\\\/07\\\/Hauderer-Sommerfest.23-kl.jpg\",\"datePublished\":\"2023-07-19T20:26:31+00:00\",\"dateModified\":\"2023-07-19T20:26:33+00:00\",\"breadcrumb\":{\"@id\":\"https:\\\/\\\/hauderer.de\\\/wordpress\\\/6252\\\/sommerfest-der-hauderer-2\\\/#breadcrumb\"},\"inLanguage\":\"de\",\"potentialAction\":[{\"@type\":\"ReadAction\",\"target\":[\"https:\\\/\\\/hauderer.de\\\/wordpress\\\/6252\\\/sommerfest-der-hauderer-2\\\/\"]}]},{\"@type\":\"ImageObject\",\"inLanguage\":\"de\",\"@id\":\"https:\\\/\\\/hauderer.de\\\/wordpress\\\/6252\\\/sommerfest-der-hauderer-2\\\/#primaryimage\",\"url\":\"https:\\\/\\\/hauderer.de\\\/wordpress\\\/wp-content\\\/uploads\\\/2023\\\/07\\\/Hauderer-Sommerfest.23-kl.jpg\",\"contentUrl\":\"https:\\\/\\\/hauderer.de\\\/wordpress\\\/wp-content\\\/uploads\\\/2023\\\/07\\\/Hauderer-Sommerfest.23-kl.jpg\",\"width\":900,\"height\":675},{\"@type\":\"BreadcrumbList\",\"@id\":\"https:\\\/\\\/hauderer.de\\\/wordpress\\\/6252\\\/sommerfest-der-hauderer-2\\\/#breadcrumb\",\"itemListElement\":[{\"@type\":\"ListItem\",\"position\":1,\"name\":\"Startseite\",\"item\":\"https:\\\/\\\/hauderer.de\\\/wordpress\\\/\"},{\"@type\":\"ListItem\",\"position\":2,\"name\":\"Sommerfest der Hauderer\"}]},{\"@type\":\"WebSite\",\"@id\":\"https:\\\/\\\/hauderer.de\\\/wordpress\\\/#website\",\"url\":\"https:\\\/\\\/hauderer.de\\\/wordpress\\\/\",\"name\":\"Der Hauderer-Blog\",\"description\":\"Ein Forum f\u00fcr Mitglieder und Besucher\",\"publisher\":{\"@id\":\"https:\\\/\\\/hauderer.de\\\/wordpress\\\/#organization\"},\"potentialAction\":[{\"@type\":\"SearchAction\",\"target\":{\"@type\":\"EntryPoint\",\"urlTemplate\":\"https:\\\/\\\/hauderer.de\\\/wordpress\\\/?s={search_term_string}\"},\"query-input\":{\"@type\":\"PropertyValueSpecification\",\"valueRequired\":true,\"valueName\":\"search_term_string\"}}],\"inLanguage\":\"de\"},{\"@type\":\"Organization\",\"@id\":\"https:\\\/\\\/hauderer.de\\\/wordpress\\\/#organization\",\"name\":\"Die Hauderer\",\"url\":\"https:\\\/\\\/hauderer.de\\\/wordpress\\\/\",\"logo\":{\"@type\":\"ImageObject\",\"inLanguage\":\"de\",\"@id\":\"https:\\\/\\\/hauderer.de\\\/wordpress\\\/#\\\/schema\\\/logo\\\/image\\\/\",\"url\":\"https:\\\/\\\/hauderer.de\\\/wordpress\\\/wp-content\\\/uploads\\\/2020\\\/08\\\/Hauderer-kpl-oR-final.jpg\",\"contentUrl\":\"https:\\\/\\\/hauderer.de\\\/wordpress\\\/wp-content\\\/uploads\\\/2020\\\/08\\\/Hauderer-kpl-oR-final.jpg\",\"width\":2362,\"height\":1697,\"caption\":\"Die Hauderer\"},\"image\":{\"@id\":\"https:\\\/\\\/hauderer.de\\\/wordpress\\\/#\\\/schema\\\/logo\\\/image\\\/\"},\"sameAs\":[\"https:\\\/\\\/www.facebook.com\\\/DieHauderer\",\"https:\\\/\\\/www.instagram.com\\\/die.hauderer\\\/\"]},{\"@type\":\"Person\",\"@id\":\"https:\\\/\\\/hauderer.de\\\/wordpress\\\/#\\\/schema\\\/person\\\/5d2879d690e24e7cbdbd8ab7356b29f9\",\"name\":\"admin\",\"image\":{\"@type\":\"ImageObject\",\"inLanguage\":\"de\",\"@id\":\"https:\\\/\\\/secure.gravatar.com\\\/avatar\\\/bb9f71396624602db48c4f953ea26ec8533526b71ddf47b0b64b547072e3994b?s=96&d=mm&r=g\",\"url\":\"https:\\\/\\\/secure.gravatar.com\\\/avatar\\\/bb9f71396624602db48c4f953ea26ec8533526b71ddf47b0b64b547072e3994b?s=96&d=mm&r=g\",\"contentUrl\":\"https:\\\/\\\/secure.gravatar.com\\\/avatar\\\/bb9f71396624602db48c4f953ea26ec8533526b71ddf47b0b64b547072e3994b?s=96&d=mm&r=g\",\"caption\":\"admin\"},\"sameAs\":[\"https:\\\/\\\/www.hauderer.de\"],\"url\":\"https:\\\/\\\/hauderer.de\\\/wordpress\\\/author\\\/admin\\\/\"}]}<\/script>\n<!-- \/ Yoast SEO plugin. -->","yoast_head_json":{"title":"Sommerfest der Hauderer &#8211; Der Hauderer-Blog","robots":{"index":"index","follow":"follow","max-snippet":"max-snippet:-1","max-image-preview":"max-image-preview:large","max-video-preview":"max-video-preview:-1"},"canonical":"https:\/\/hauderer.de\/wordpress\/6252\/sommerfest-der-hauderer-2\/","og_locale":"de_DE","og_type":"article","og_title":"Sommerfest der Hauderer &#8211; Der Hauderer-Blog","og_description":"Dieser kurze Bericht kann nicht ann\u00e4hernd die harmonische Stimmung erfassen, die an diesem sonnigen Sommertag nachmittags und bis in den Abend hinein am 10. Juli herrschte. Nicht nur das sch\u00f6ne Wetter, sondern die vorz\u00fcgliche und umsichtige Betreuung durch Nora und Fritz Schmidtmeier haben dazu ma\u00dfgeblich beigetragen. Der sehr gute Flammkuchen von Nora und die mitgebrachten [&hellip;]","og_url":"https:\/\/hauderer.de\/wordpress\/6252\/sommerfest-der-hauderer-2\/","og_site_name":"Der Hauderer-Blog","article_publisher":"https:\/\/www.facebook.com\/DieHauderer","article_published_time":"2023-07-19T20:26:31+00:00","article_modified_time":"2023-07-19T20:26:33+00:00","og_image":[{"url":"https:\/\/hauderer.de\/wordpress\/wp-content\/uploads\/2023\/07\/Hauderer-Sommerfest.23-kl.jpg","type":"","width":"","height":""}],"author":"admin","schema":{"@context":"https:\/\/schema.org","@graph":[{"@type":"Article","@id":"https:\/\/hauderer.de\/wordpress\/6252\/sommerfest-der-hauderer-2\/#article","isPartOf":{"@id":"https:\/\/hauderer.de\/wordpress\/6252\/sommerfest-der-hauderer-2\/"},"author":{"name":"admin","@id":"https:\/\/hauderer.de\/wordpress\/#\/schema\/person\/5d2879d690e24e7cbdbd8ab7356b29f9"},"headline":"Sommerfest der Hauderer","datePublished":"2023-07-19T20:26:31+00:00","dateModified":"2023-07-19T20:26:33+00:00","mainEntityOfPage":{"@id":"https:\/\/hauderer.de\/wordpress\/6252\/sommerfest-der-hauderer-2\/"},"wordCount":123,"commentCount":0,"publisher":{"@id":"https:\/\/hauderer.de\/wordpress\/#organization"},"image":{"@id":"https:\/\/hauderer.de\/wordpress\/6252\/sommerfest-der-hauderer-2\/#primaryimage"},"thumbnailUrl":"https:\/\/hauderer.de\/wordpress\/wp-content\/uploads\/2023\/07\/Hauderer-Sommerfest.23-kl.jpg","articleSection":["Dies und Das"],"inLanguage":"de","potentialAction":[{"@type":"CommentAction","name":"Comment","target":["https:\/\/hauderer.de\/wordpress\/6252\/sommerfest-der-hauderer-2\/#respond"]}]},{"@type":"WebPage","@id":"https:\/\/hauderer.de\/wordpress\/6252\/sommerfest-der-hauderer-2\/","url":"https:\/\/hauderer.de\/wordpress\/6252\/sommerfest-der-hauderer-2\/","name":"Sommerfest der Hauderer &#8211; Der Hauderer-Blog","isPartOf":{"@id":"https:\/\/hauderer.de\/wordpress\/#website"},"primaryImageOfPage":{"@id":"https:\/\/hauderer.de\/wordpress\/6252\/sommerfest-der-hauderer-2\/#primaryimage"},"image":{"@id":"https:\/\/hauderer.de\/wordpress\/6252\/sommerfest-der-hauderer-2\/#primaryimage"},"thumbnailUrl":"https:\/\/hauderer.de\/wordpress\/wp-content\/uploads\/2023\/07\/Hauderer-Sommerfest.23-kl.jpg","datePublished":"2023-07-19T20:26:31+00:00","dateModified":"2023-07-19T20:26:33+00:00","breadcrumb":{"@id":"https:\/\/hauderer.de\/wordpress\/6252\/sommerfest-der-hauderer-2\/#breadcrumb"},"inLanguage":"de","potentialAction":[{"@type":"ReadAction","target":["https:\/\/hauderer.de\/wordpress\/6252\/sommerfest-der-hauderer-2\/"]}]},{"@type":"ImageObject","inLanguage":"de","@id":"https:\/\/hauderer.de\/wordpress\/6252\/sommerfest-der-hauderer-2\/#primaryimage","url":"https:\/\/hauderer.de\/wordpress\/wp-content\/uploads\/2023\/07\/Hauderer-Sommerfest.23-kl.jpg","contentUrl":"https:\/\/hauderer.de\/wordpress\/wp-content\/uploads\/2023\/07\/Hauderer-Sommerfest.23-kl.jpg","width":900,"height":675},{"@type":"BreadcrumbList","@id":"https:\/\/hauderer.de\/wordpress\/6252\/sommerfest-der-hauderer-2\/#breadcrumb","itemListElement":[{"@type":"ListItem","position":1,"name":"Startseite","item":"https:\/\/hauderer.de\/wordpress\/"},{"@type":"ListItem","position":2,"name":"Sommerfest der Hauderer"}]},{"@type":"WebSite","@id":"https:\/\/hauderer.de\/wordpress\/#website","url":"https:\/\/hauderer.de\/wordpress\/","name":"Der Hauderer-Blog","description":"Ein Forum f\u00fcr Mitglieder und Besucher","publisher":{"@id":"https:\/\/hauderer.de\/wordpress\/#organization"},"potentialAction":[{"@type":"SearchAction","target":{"@type":"EntryPoint","urlTemplate":"https:\/\/hauderer.de\/wordpress\/?s={search_term_string}"},"query-input":{"@type":"PropertyValueSpecification","valueRequired":true,"valueName":"search_term_string"}}],"inLanguage":"de"},{"@type":"Organization","@id":"https:\/\/hauderer.de\/wordpress\/#organization","name":"Die Hauderer","url":"https:\/\/hauderer.de\/wordpress\/","logo":{"@type":"ImageObject","inLanguage":"de","@id":"https:\/\/hauderer.de\/wordpress\/#\/schema\/logo\/image\/","url":"https:\/\/hauderer.de\/wordpress\/wp-content\/uploads\/2020\/08\/Hauderer-kpl-oR-final.jpg","contentUrl":"https:\/\/hauderer.de\/wordpress\/wp-content\/uploads\/2020\/08\/Hauderer-kpl-oR-final.jpg","width":2362,"height":1697,"caption":"Die Hauderer"},"image":{"@id":"https:\/\/hauderer.de\/wordpress\/#\/schema\/logo\/image\/"},"sameAs":["https:\/\/www.facebook.com\/DieHauderer","https:\/\/www.instagram.com\/die.hauderer\/"]},{"@type":"Person","@id":"https:\/\/hauderer.de\/wordpress\/#\/schema\/person\/5d2879d690e24e7cbdbd8ab7356b29f9","name":"admin","image":{"@type":"ImageObject","inLanguage":"de","@id":"https:\/\/secure.gravatar.com\/avatar\/bb9f71396624602db48c4f953ea26ec8533526b71ddf47b0b64b547072e3994b?s=96&d=mm&r=g","url":"https:\/\/secure.gravatar.com\/avatar\/bb9f71396624602db48c4f953ea26ec8533526b71ddf47b0b64b547072e3994b?s=96&d=mm&r=g","contentUrl":"https:\/\/secure.gravatar.com\/avatar\/bb9f71396624602db48c4f953ea26ec8533526b71ddf47b0b64b547072e3994b?s=96&d=mm&r=g","caption":"admin"},"sameAs":["https:\/\/www.hauderer.de"],"url":"https:\/\/hauderer.de\/wordpress\/author\/admin\/"}]}},"_links":{"self":[{"href":"https:\/\/hauderer.de\/wordpress\/wp-json\/wp\/v2\/posts\/6252","targetHints":{"allow":["GET"]}}],"collection":[{"href":"https:\/\/hauderer.de\/wordpress\/wp-json\/wp\/v2\/posts"}],"about":[{"href":"https:\/\/hauderer.de\/wordpress\/wp-json\/wp\/v2\/types\/post"}],"author":[{"embeddable":true,"href":"https:\/\/hauderer.de\/wordpress\/wp-json\/wp\/v2\/users\/1"}],"replies":[{"embeddable":true,"href":"https:\/\/hauderer.de\/wordpress\/wp-json\/wp\/v2\/comments?post=6252"}],"version-history":[{"count":1,"href":"https:\/\/hauderer.de\/wordpress\/wp-json\/wp\/v2\/posts\/6252\/revisions"}],"predecessor-version":[{"id":6254,"href":"https:\/\/hauderer.de\/wordpress\/wp-json\/wp\/v2\/posts\/6252\/revisions\/6254"}],"wp:attachment":[{"href":"https:\/\/hauderer.de\/wordpress\/wp-json\/wp\/v2\/media?parent=6252"}],"wp:term":[{"taxonomy":"category","embeddable":true,"href":"https:\/\/hauderer.de\/wordpress\/wp-json\/wp\/v2\/categories?post=6252"},{"taxonomy":"post_tag","embeddable":true,"href":"https:\/\/hauderer.de\/wordpress\/wp-json\/wp\/v2\/tags?post=6252"}],"curies":[{"name":"wp","href":"https:\/\/api.w.org\/{rel}","templated":true}]}}